{"id":13181,"date":"2025-12-10T11:36:45","date_gmt":"2025-12-10T11:36:45","guid":{"rendered":"https:\/\/www.polyfab3d.fr\/ressources\/?p=13181"},"modified":"2025-12-10T11:36:45","modified_gmt":"2025-12-10T11:36:45","slug":"gravacao-a-laser-em-vidro-marcacoes-precisas-duraveis-e-personalizadas","status":"publish","type":"post","link":"https:\/\/www.polyfab3d.pt\/ressources\/gravacao-a-laser-em-vidro-marcacoes-precisas-duraveis-e-personalizadas\/","title":{"rendered":"Grava\u00e7\u00e3o a laser em vidro: marca\u00e7\u00f5es precisas, dur\u00e1veis e personalizadas"},"content":{"rendered":"\n<p>O vidro \u00e9 um material comum na <a href=\"\/373-gravadores-a-laser\">grava\u00e7\u00e3o a laser<\/a> para a cria\u00e7\u00e3o de pe\u00e7as decorativas, vidro, frascos ou trof\u00e9us. Quando se pretende personalizar ou industrializar uma marca\u00e7\u00e3o, a <strong>grava\u00e7\u00e3o a laser em vidro<\/strong> oferece uma combina\u00e7\u00e3o rara: tra\u00e7os n\u00edtidos, marca\u00e7\u00f5es duradouras e possibilidades est\u00e9ticas.<\/p>\n\n\n\n<p>No entanto, realizar esta opera\u00e7\u00e3o com sucesso exige conhecimento preciso do material, do m\u00e9todo e dos par\u00e2metros da m\u00e1quina.<\/p>\n\n\n\n<figure class=\"wp-block-image size-full\"><img fetchpriority=\"high\" decoding=\"async\" width=\"960\" height=\"540\" src=\"https:\/\/www.polyfab3d.fr\/ressources\/wp-content\/uploads\/2025\/12\/Gravacao-a-laser-em-vidro_-marcacoes-precisas-duraveis-e-personalizadas.jpg\" alt=\"Grava\u00e7\u00e3o a laser em vidro_ marca\u00e7\u00f5es precisas, dur\u00e1veis e personalizadas\" class=\"wp-image-13242\"\/><\/figure>\n\n\n\n<h2 class=\"wp-block-heading\">Tipos de grava\u00e7\u00e3o a laser em vidro<\/h2>\n\n\n\n<p>Fundamentalmente, distinguem-se tr\u00eas processos, cada um com objetivos diferentes:<\/p>\n\n\n\n<h3 class=\"wp-block-heading\">Grava\u00e7\u00e3o superficial em vidro<\/h3>\n\n\n\n<p>O feixe atua na camada externa do vidro para modificar a sua estrutura superficial. O efeito desejado \u00e9 geralmente um aspeto esbranqui\u00e7ado, fosco ou acetinado, que contrasta com a transpar\u00eancia do material. Este \u00e9 o m\u00e9todo mais comum para logotipos, textos e desenhos simples em copos, garrafas ou jarras.<\/p>\n\n\n\n<ul class=\"wp-block-list\">\n<li><strong>Vantagens:<\/strong> Implementa\u00e7\u00e3o simples, boa legibilidade, compat\u00edvel com superf\u00edcies curvas.<\/li>\n\n\n\n<li><strong>Limita\u00e7\u00f5es:<\/strong> Risco de microfissuras se a energia n\u00e3o estiver corretamente ajustada; poss\u00edvel perda de nitidez se a ferramenta n\u00e3o for adequada ao tipo de vidro.<\/li>\n<\/ul>\n\n\n\n<h3 class=\"wp-block-heading\">Grava\u00e7\u00e3o interna (sub-surface) em vidro<\/h3>\n\n\n\n<p>O laser \u00e9 focado dentro do volume transparente, criando pequenas micro-fraturas pontuais que, combinadas, formam uma imagem 3D \u00ab\u00a0presa\u00a0\u00bb na massa. Esta t\u00e9cnica cria o efeito de um motivo suspenso dentro de um cubo de cristal ou bloco de vidro.<\/p>\n\n\n\n<ul class=\"wp-block-list\">\n<li><strong>Vantagens:<\/strong> Resultado premium, superf\u00edcie intacta, efeito visual espetacular.<\/li>\n\n\n\n<li><strong>Restri\u00e7\u00f5es:<\/strong> Requer \u00f3ptica e fonte adequadas, assim como vidro sem inclus\u00f5es ou tens\u00f5es internas.<\/li>\n<\/ul>\n\n\n\n<figure class=\"wp-block-image size-full\"><img decoding=\"async\" width=\"960\" height=\"400\" src=\"https:\/\/www.polyfab3d.fr\/ressources\/wp-content\/uploads\/2025\/12\/exemple-design-6.jpg\" alt=\"exemple design\" class=\"wp-image-13241\"\/><\/figure>\n\n\n\n<h3 class=\"wp-block-heading\">Relevo em vidro<\/h3>\n\n\n\n<p>O relevo em vidro consiste em criar uma textura permanente na superf\u00edcie do vidro utilizando o laser para aquecer localmente o material e deform\u00e1-lo ligeiramente. Esta t\u00e9cnica modela a superf\u00edcie para obter um efeito t\u00e1ctil e visual em relevo.<\/p>\n\n\n\n<ul class=\"wp-block-list\">\n<li><strong>Vantagens:<\/strong> Efeito est\u00e9tico e t\u00e1ctil, excelente durabilidade, compat\u00edvel com personaliza\u00e7\u00e3o de produtos premium.<\/li>\n\n\n\n<li><strong>Limita\u00e7\u00f5es:<\/strong> Requer controlo preciso da pot\u00eancia e velocidade do laser para evitar fissuras ou deforma\u00e7\u00f5es indesejadas; menos adequado para vidros muito finos.<\/li>\n<\/ul>\n\n\n\n<h2 class=\"wp-block-heading\">Qual tecnologia de grava\u00e7\u00e3o a laser usar em vidro: foco no laser UV<\/h2>\n\n\n\n<p>Nem todos os lasers produzem o mesmo resultado no vidro. Os lasers de comprimento de onda curto (UV) introduziram uma abordagem mais precisa.<\/p>\n\n\n\n<ul class=\"wp-block-list\">\n<li>&#8211; Alta precis\u00e3o do ponto focal (tra\u00e7os finos, detalhes milim\u00e9tricos).<\/li>\n\n\n\n<li>&#8211; Menor difus\u00e3o t\u00e9rmica: grava\u00e7\u00e3o a frio poss\u00edvel para reduzir fissuras e dep\u00f3sitos de fuligem.<\/li>\n\n\n\n<li>&#8211; Possibilidade de trabalhar em sub-surface para criar pontos sem danificar a superf\u00edcie.<\/li>\n<\/ul>\n\n\n\n<p>Os lasers CO\u2082, como o integrado no <a href=\"\/cortadores-a-laser\/4785-xtool-p3.html\">xTool P3<\/a>, tamb\u00e9m permitem grava\u00e7\u00e3o em vidro, mas apenas na superf\u00edcie. Esta tecnologia aquece o material para <strong>produzir uma marca\u00e7\u00e3o fosca ou acetinada<\/strong>, ideal para textos ou padr\u00f5es simples em frascos, copos ou placas.<\/p>\n\n\n\n<div class=\"wp-block-columns is-layout-flex wp-container-core-columns-is-layout-9d6595d7 wp-block-columns-is-layout-flex\">\n<div class=\"wp-block-column is-layout-flow wp-block-column-is-layout-flow\" style=\"flex-basis:66.66%\">\n<h3 class=\"wp-block-heading\">Exemplo de m\u00e1quina para grava\u00e7\u00e3o UV em vidro<\/h3>\n\n\n\n<p>O <a href=\"\/gravadores-laser-xtool\/5029-xtool-f2-ultra-uv.html\">xTool F2 Ultra UV<\/a> \u00e9 um gravador laser ultravioleta de 5\u202fW projetado para artes\u00e3os, est\u00fadios, PMEs ou criadores que procuram <strong>precis\u00e3o m\u00e1xima<\/strong>, qualidade premium e versatilidade.<\/p>\n\n\n\n<p>Funciona a frio e \u00e9 particularmente adequado para vidro, cristal, acr\u00edlico, cer\u00e2mica, pl\u00e1stico ou <strong>outros materiais fr\u00e1geis ou transparentes<\/strong>.<\/p>\n\n\n\n<div class=\"wp-block-buttons is-content-justification-center is-layout-flex wp-container-core-buttons-is-layout-16018d1d wp-block-buttons-is-layout-flex\">\n<div class=\"wp-block-button\"><a class=\"wp-block-button__link has-background wp-element-button\" href=\"\/gravadores-laser-xtool\/5029-xtool-f2-ultra-uv.html\" style=\"background-color:#e84b1e\">Descubra o xTool F2 Ultra UV<\/a><\/div>\n<\/div>\n<\/div>\n\n\n\n<div class=\"wp-block-column is-layout-flow wp-block-column-is-layout-flow\" style=\"flex-basis:33.33%\">\n<figure class=\"wp-block-image size-full\"><img decoding=\"async\" width=\"540\" height=\"540\" src=\"https:\/\/www.polyfab3d.fr\/ressources\/wp-content\/uploads\/2025\/12\/xtool-f2-ultra-uv-6.jpg\" alt=\"xtool-f2-ultra-uv\" class=\"wp-image-13239\"\/><\/figure>\n<\/div>\n<\/div>\n\n\n\n<h2 class=\"wp-block-heading\">Prepara\u00e7\u00e3o do vidro e boas pr\u00e1ticas antes da grava\u00e7\u00e3o a laser<\/h2>\n\n\n\n<ul class=\"wp-block-list\">\n<li><strong>Limpeza rigorosa<\/strong>: poeira, impress\u00f5es digitais e \u00f3leos afetam a qualidade e podem criar defeitos.<\/li>\n\n\n\n<li><strong>Verifica\u00e7\u00e3o de espessura e uniformidade<\/strong>: use uma amostra de teste id\u00eantica.<\/li>\n\n\n\n<li><strong>Posicionamento e fixa\u00e7\u00e3o<\/strong>: imobilizar o objeto sem tens\u00f5es mec\u00e2nicas locais.<\/li>\n\n\n\n<li><strong>Se necess\u00e1rio<\/strong>: aplicar um filme tempor\u00e1rio absorvente para facilitar a marca\u00e7\u00e3o.<\/li>\n<\/ul>\n\n\n\n<h2 class=\"wp-block-heading\">Configura\u00e7\u00f5es essenciais em oficina<\/h2>\n\n\n\n<h3 class=\"wp-block-heading\">Pot\u00eancia e velocidade<\/h3>\n\n\n\n<p>Muita pot\u00eancia concentrada em baixa velocidade provoca fissuras. \u00c9 prefer\u00edvel utilizar m\u00faltiplas passagens com baixa energia em vez de uma passagem intensa.<\/p>\n\n\n\n<h3 class=\"wp-block-heading\">Focaliza\u00e7\u00e3o e desfocaliza\u00e7\u00e3o<\/h3>\n\n\n\n<p>Para grava\u00e7\u00e3o superficial, uma leve desfocaliza\u00e7\u00e3o diminui a densidade de energia e produz uma marca\u00e7\u00e3o mais suave. Para sub-surface, a focaliza\u00e7\u00e3o deve ser precisa para atingir o volume interno desejado.<\/p>\n\n\n\n<h3 class=\"wp-block-heading\">Repeti\u00e7\u00e3o e espa\u00e7amento<\/h3>\n\n\n\n<p>Na sub-surface, a posi\u00e7\u00e3o dos pontos determina a densidade visual e a nitidez. Um espa\u00e7amento inadequado pode prejudicar o resultado ou causar fissuras.<\/p>\n\n\n\n<h3 class=\"wp-block-heading\">Uso de l\u00edquidos para grava\u00e7\u00e3o interna em vidro<\/h3>\n\n\n\n<p>Durante a grava\u00e7\u00e3o interna, a curvatura da pe\u00e7a pode causar distor\u00e7\u00f5es \u00f3pticas que complicam a focaliza\u00e7\u00e3o precisa do feixe. Para contornar isso, utilizam-se <strong>l\u00edquidos de imers\u00e3o<\/strong> que reduzem esses efeitos e garantem um ponto focal constante e exato. Este m\u00e9todo melhora significativamente a nitidez e precis\u00e3o do motivo dentro do vidro.<\/p>\n\n\n\n<h2 class=\"wp-block-heading\">Erros comuns e como corrigi-los<\/h2>\n\n\n\n<ul class=\"wp-block-list\">\n<li><strong>Microfissuras<\/strong>: reduzir pot\u00eancia, aumentar velocidade, dividir o trabalho em passagens.<\/li>\n\n\n\n<li><strong>Marca\u00e7\u00e3o muito fraca<\/strong>: verificar a focaliza\u00e7\u00e3o, ajustar a densidade ou usar pr\u00e9-tratamento absorvente conforme o laser.<\/li>\n\n\n\n<li><strong>Contamina\u00e7\u00f5es vis\u00edveis<\/strong>: repetir a limpeza; considerar um enx\u00e1gue final para remover res\u00edduos e poeira.<\/li>\n\n\n\n<li><strong>Deforma\u00e7\u00e3o do padr\u00e3o<\/strong> em pe\u00e7as curvas: usar corre\u00e7\u00e3o de software adequada.<\/li>\n<\/ul>\n\n\n\n<h2 class=\"wp-block-heading\">Exemplos de aplica\u00e7\u00f5es pr\u00e1ticas<\/h2>\n\n\n\n<figure class=\"wp-block-image size-full\"><img loading=\"lazy\" decoding=\"async\" width=\"960\" height=\"400\" src=\"https:\/\/www.polyfab3d.fr\/ressources\/wp-content\/uploads\/2025\/12\/applications-exemple-6.jpg\" alt=\"applications exemple\" class=\"wp-image-13240\"\/><\/figure>\n\n\n\n<ul class=\"wp-block-list\">\n<li><strong>Vidro personalizado<\/strong>: flautas, copos, jarras para presentes ou eventos.<\/li>\n\n\n\n<li><strong>Trof\u00e9us e objetos de reconhecimento<\/strong>: blocos de cristal gravados internamente para efeito premium.<\/li>\n\n\n\n<li><strong>Objetos decorativos<\/strong>: cubos e placas com padr\u00f5es 3D, retratos \u201ccapturados\u201d na massa.<\/li>\n\n\n\n<li><strong>Prototipagem e pequenas s\u00e9ries<\/strong>: para ateliers, criadores ou est\u00fadios que produzem tiragens limitadas.<\/li>\n<\/ul>\n\n\n\n<h2 class=\"wp-block-heading\">P\u00f3s-processamento e acabamento<\/h2>\n\n\n\n<p>Dependendo da est\u00e9tica desejada, a grava\u00e7\u00e3o superficial pode beneficiar de um polimento leve; para grava\u00e7\u00f5es internas, uma simples limpeza \u00e9 suficiente para um resultado n\u00edtido.<\/p>\n\n\n\n<p>Para produtos premium, considerar embalagem anti-riscos e recomendar lavagem manual.<\/p>\n\n\n\n<h2 class=\"wp-block-heading\">Conclus\u00e3o<\/h2>\n\n\n\n<p>A <strong>grava\u00e7\u00e3o a laser em vidro<\/strong> combina t\u00e9cnica, precis\u00e3o e artesanato. Quando bem dominada, permite criar objetos est\u00e9ticos, duradouros e personalizados. No entanto, exige rigor, testes e paci\u00eancia. Testar, documentar, ajustar: esta \u00e9 a chave do sucesso.<\/p>\n\n\n\n<div class=\"wp-block-group\"><div class=\"wp-block-group__inner-container is-layout-constrained wp-block-group-is-layout-constrained\">\n<h2 class=\"wp-block-heading\"><strong>\u2705 Por que escolher a Polyfab3D?<\/strong><\/h2>\n\n\n\n<p><strong>Suporte premium e servi\u00e7o p\u00f3s-venda<\/strong>: Com base nas suas necessidades, orientamos voc\u00ea para a solu\u00e7\u00e3o mais adequada e oferecemos suporte cont\u00ednuo na sua implementa\u00e7\u00e3o e uso di\u00e1rio.<\/p>\n\n\n\n<p><strong>Revendedor oficial<\/strong>: A Polyfab3D \u00e9 uma revendedora certificada das principais marcas, garantindo produtos oficiais, acesso exclusivo \u00e0s \u00faltimas inova\u00e7\u00f5es e suporte t\u00e9cnico priorit\u00e1rio.<\/p>\n\n\n\n<p><strong>Entrega r\u00e1pida e satisfa\u00e7\u00e3o do cliente<\/strong>: A Polyfab3D compromete-se a oferecer uma experi\u00eancia r\u00e1pida e otimizada. O feedback positivo dos nossos clientes nos recompensa e comprova a confiabilidade e efici\u00eancia do nosso servi\u00e7o.<\/p>\n\n\n\n<p>Contacte-nos agora para uma recomenda\u00e7\u00e3o personalizada, adaptada \u00e0s suas necessidades, or\u00e7amento e objetivos.<\/p>\n\n\n\n<p><\/p>\n<\/div><\/div>\n","protected":false},"excerpt":{"rendered":"<p>O vidro \u00e9 um material comum na grava\u00e7\u00e3o a laser para a cria\u00e7\u00e3o de pe\u00e7as decorativas, vidro, frascos ou trof\u00e9us. Quando se pretende personalizar ou industrializar uma marca\u00e7\u00e3o, a grava\u00e7\u00e3o a laser em vidro oferece uma combina\u00e7\u00e3o rara: tra\u00e7os n\u00edtidos, marca\u00e7\u00f5es duradouras e possibilidades est\u00e9ticas. No entanto, realizar esta opera\u00e7\u00e3o com sucesso exige conhecimento preciso [&hellip;]<\/p>\n","protected":false},"author":5,"featured_media":13242,"comment_status":"open","ping_status":"open","sticky":false,"template":"","format":"standard","meta":{"footnotes":""},"categories":[138,124,186],"tags":[114],"class_list":["post-13181","post","type-post","status-publish","format-standard","has-post-thumbnail","hentry","category-aplicacoes","category-guias-pt","category-tutoriais","tag-newtheme-pt"],"yoast_head":"<!-- This site is optimized with the Yoast SEO plugin v26.7 - https:\/\/yoast.com\/wordpress\/plugins\/seo\/ -->\n<title>Grava\u00e7\u00e3o a laser em vidro: marca\u00e7\u00f5es precisas, dur\u00e1veis e personalizadas - Polyfab3D<\/title>\n<meta name=\"description\" content=\"Grava\u00e7\u00e3o a laser em vidro: m\u00e9todos de superf\u00edcie e internos, escolha da tecnologia UV, par\u00e2metros, erros comuns e aplica\u00e7\u00f5es.\" \/>\n<meta name=\"robots\" content=\"index, follow, max-snippet:-1, max-image-preview:large, max-video-preview:-1\" \/>\n<link rel=\"canonical\" href=\"https:\/\/www.polyfab3d.pt\/ressources\/gravacao-a-laser-em-vidro-marcacoes-precisas-duraveis-e-personalizadas\/\" \/>\n<meta property=\"og:locale\" content=\"fr_FR\" \/>\n<meta property=\"og:type\" content=\"article\" \/>\n<meta property=\"og:title\" content=\"Grava\u00e7\u00e3o a laser em vidro: marca\u00e7\u00f5es precisas, dur\u00e1veis e personalizadas - Polyfab3D\" \/>\n<meta property=\"og:description\" content=\"Grava\u00e7\u00e3o a laser em vidro: m\u00e9todos de superf\u00edcie e internos, escolha da tecnologia UV, par\u00e2metros, erros comuns e aplica\u00e7\u00f5es.\" \/>\n<meta property=\"og:url\" content=\"https:\/\/www.polyfab3d.pt\/ressources\/gravacao-a-laser-em-vidro-marcacoes-precisas-duraveis-e-personalizadas\/\" \/>\n<meta property=\"og:site_name\" content=\"Polyfab3D\" \/>\n<meta property=\"article:published_time\" content=\"2025-12-10T11:36:45+00:00\" \/>\n<meta property=\"og:image\" content=\"https:\/\/www.polyfab3d.fr\/ressources\/wp-content\/uploads\/2025\/12\/Gravacao-a-laser-em-vidro_-marcacoes-precisas-duraveis-e-personalizadas.jpg\" \/>\n\t<meta property=\"og:image:width\" content=\"960\" \/>\n\t<meta property=\"og:image:height\" content=\"540\" \/>\n\t<meta property=\"og:image:type\" content=\"image\/jpeg\" \/>\n<meta name=\"author\" content=\"Pierre-Henri Chretien\" \/>\n<meta name=\"twitter:card\" content=\"summary_large_image\" \/>\n<meta name=\"twitter:label1\" content=\"\u00c9crit par\" \/>\n\t<meta name=\"twitter:data1\" content=\"Pierre-Henri Chretien\" \/>\n\t<meta name=\"twitter:label2\" content=\"Dur\u00e9e de lecture estim\u00e9e\" \/>\n\t<meta name=\"twitter:data2\" content=\"11 minutes\" \/>\n<script type=\"application\/ld+json\" class=\"yoast-schema-graph\">{\"@context\":\"https:\/\/schema.org\",\"@graph\":[{\"@type\":\"Article\",\"@id\":\"https:\/\/www.polyfab3d.pt\/ressources\/gravacao-a-laser-em-vidro-marcacoes-precisas-duraveis-e-personalizadas\/#article\",\"isPartOf\":{\"@id\":\"https:\/\/www.polyfab3d.pt\/ressources\/gravacao-a-laser-em-vidro-marcacoes-precisas-duraveis-e-personalizadas\/\"},\"author\":{\"name\":\"Pierre-Henri Chretien\",\"@id\":\"https:\/\/www.polyfab3d.fr\/ressources\/#\/schema\/person\/21006ba2b8be6656d04df5672805790e\"},\"headline\":\"Grava\u00e7\u00e3o a laser em vidro: marca\u00e7\u00f5es precisas, dur\u00e1veis e personalizadas\",\"datePublished\":\"2025-12-10T11:36:45+00:00\",\"mainEntityOfPage\":{\"@id\":\"https:\/\/www.polyfab3d.pt\/ressources\/gravacao-a-laser-em-vidro-marcacoes-precisas-duraveis-e-personalizadas\/\"},\"wordCount\":1014,\"commentCount\":0,\"publisher\":{\"@id\":\"https:\/\/www.polyfab3d.fr\/ressources\/#organization\"},\"image\":{\"@id\":\"https:\/\/www.polyfab3d.pt\/ressources\/gravacao-a-laser-em-vidro-marcacoes-precisas-duraveis-e-personalizadas\/#primaryimage\"},\"thumbnailUrl\":\"https:\/\/www.polyfab3d.pt\/ressources\/wp-content\/uploads\/2025\/12\/Gravacao-a-laser-em-vidro_-marcacoes-precisas-duraveis-e-personalizadas.jpg\",\"keywords\":[\"newtheme-pt\"],\"articleSection\":[\"Aplica\u00e7\u00f5es\",\"Guias de compra\",\"Tutoriais\"],\"inLanguage\":\"fr-FR\",\"potentialAction\":[{\"@type\":\"CommentAction\",\"name\":\"Comment\",\"target\":[\"https:\/\/www.polyfab3d.pt\/ressources\/gravacao-a-laser-em-vidro-marcacoes-precisas-duraveis-e-personalizadas\/#respond\"]}]},{\"@type\":\"WebPage\",\"@id\":\"https:\/\/www.polyfab3d.pt\/ressources\/gravacao-a-laser-em-vidro-marcacoes-precisas-duraveis-e-personalizadas\/\",\"url\":\"https:\/\/www.polyfab3d.pt\/ressources\/gravacao-a-laser-em-vidro-marcacoes-precisas-duraveis-e-personalizadas\/\",\"name\":\"Grava\u00e7\u00e3o a laser em vidro: marca\u00e7\u00f5es precisas, dur\u00e1veis e personalizadas - Polyfab3D\",\"isPartOf\":{\"@id\":\"https:\/\/www.polyfab3d.fr\/ressources\/#website\"},\"primaryImageOfPage\":{\"@id\":\"https:\/\/www.polyfab3d.pt\/ressources\/gravacao-a-laser-em-vidro-marcacoes-precisas-duraveis-e-personalizadas\/#primaryimage\"},\"image\":{\"@id\":\"https:\/\/www.polyfab3d.pt\/ressources\/gravacao-a-laser-em-vidro-marcacoes-precisas-duraveis-e-personalizadas\/#primaryimage\"},\"thumbnailUrl\":\"https:\/\/www.polyfab3d.pt\/ressources\/wp-content\/uploads\/2025\/12\/Gravacao-a-laser-em-vidro_-marcacoes-precisas-duraveis-e-personalizadas.jpg\",\"datePublished\":\"2025-12-10T11:36:45+00:00\",\"description\":\"Grava\u00e7\u00e3o a laser em vidro: m\u00e9todos de superf\u00edcie e internos, escolha da tecnologia UV, par\u00e2metros, erros comuns e aplica\u00e7\u00f5es.\",\"breadcrumb\":{\"@id\":\"https:\/\/www.polyfab3d.pt\/ressources\/gravacao-a-laser-em-vidro-marcacoes-precisas-duraveis-e-personalizadas\/#breadcrumb\"},\"inLanguage\":\"fr-FR\",\"potentialAction\":[{\"@type\":\"ReadAction\",\"target\":[\"https:\/\/www.polyfab3d.pt\/ressources\/gravacao-a-laser-em-vidro-marcacoes-precisas-duraveis-e-personalizadas\/\"]}]},{\"@type\":\"ImageObject\",\"inLanguage\":\"fr-FR\",\"@id\":\"https:\/\/www.polyfab3d.pt\/ressources\/gravacao-a-laser-em-vidro-marcacoes-precisas-duraveis-e-personalizadas\/#primaryimage\",\"url\":\"https:\/\/www.polyfab3d.pt\/ressources\/wp-content\/uploads\/2025\/12\/Gravacao-a-laser-em-vidro_-marcacoes-precisas-duraveis-e-personalizadas.jpg\",\"contentUrl\":\"https:\/\/www.polyfab3d.pt\/ressources\/wp-content\/uploads\/2025\/12\/Gravacao-a-laser-em-vidro_-marcacoes-precisas-duraveis-e-personalizadas.jpg\",\"width\":960,\"height\":540,\"caption\":\"Grava\u00e7\u00e3o a laser em vidro_ marca\u00e7\u00f5es precisas, dur\u00e1veis e personalizadas\"},{\"@type\":\"BreadcrumbList\",\"@id\":\"https:\/\/www.polyfab3d.pt\/ressources\/gravacao-a-laser-em-vidro-marcacoes-precisas-duraveis-e-personalizadas\/#breadcrumb\",\"itemListElement\":[{\"@type\":\"ListItem\",\"position\":1,\"name\":\"Home\",\"item\":\"https:\/\/www.polyfab3d.fr\/ressources\/\"},{\"@type\":\"ListItem\",\"position\":2,\"name\":\"Grava\u00e7\u00e3o a laser em vidro: marca\u00e7\u00f5es precisas, dur\u00e1veis e personalizadas\"}]},{\"@type\":\"WebSite\",\"@id\":\"https:\/\/www.polyfab3d.fr\/ressources\/#website\",\"url\":\"https:\/\/www.polyfab3d.fr\/ressources\/\",\"name\":\"Polyfab3D\",\"description\":\"Le blog de l&#039;impression 3D\",\"publisher\":{\"@id\":\"https:\/\/www.polyfab3d.fr\/ressources\/#organization\"},\"potentialAction\":[{\"@type\":\"SearchAction\",\"target\":{\"@type\":\"EntryPoint\",\"urlTemplate\":\"https:\/\/www.polyfab3d.fr\/ressources\/?s={search_term_string}\"},\"query-input\":{\"@type\":\"PropertyValueSpecification\",\"valueRequired\":true,\"valueName\":\"search_term_string\"}}],\"inLanguage\":\"fr-FR\"},{\"@type\":\"Organization\",\"@id\":\"https:\/\/www.polyfab3d.fr\/ressources\/#organization\",\"name\":\"Polyfab3D\",\"url\":\"https:\/\/www.polyfab3d.fr\/ressources\/\",\"logo\":{\"@type\":\"ImageObject\",\"inLanguage\":\"fr-FR\",\"@id\":\"https:\/\/www.polyfab3d.fr\/ressources\/#\/schema\/logo\/image\/\",\"url\":\"https:\/\/www.polyfab3d.fr\/ressources\/wp-content\/uploads\/2021\/05\/logo-polyfab3d.png\",\"contentUrl\":\"https:\/\/www.polyfab3d.fr\/ressources\/wp-content\/uploads\/2021\/05\/logo-polyfab3d.png\",\"width\":206,\"height\":192,\"caption\":\"Polyfab3D\"},\"image\":{\"@id\":\"https:\/\/www.polyfab3d.fr\/ressources\/#\/schema\/logo\/image\/\"}},{\"@type\":\"Person\",\"@id\":\"https:\/\/www.polyfab3d.fr\/ressources\/#\/schema\/person\/21006ba2b8be6656d04df5672805790e\",\"name\":\"Pierre-Henri Chretien\",\"image\":{\"@type\":\"ImageObject\",\"inLanguage\":\"fr-FR\",\"@id\":\"https:\/\/www.polyfab3d.fr\/ressources\/#\/schema\/person\/image\/\",\"url\":\"https:\/\/secure.gravatar.com\/avatar\/bde82f4832c47cea2c42a0ec44770abd1adbd66134649b4b40f4138e59f0205c?s=96&d=mm&r=g\",\"contentUrl\":\"https:\/\/secure.gravatar.com\/avatar\/bde82f4832c47cea2c42a0ec44770abd1adbd66134649b4b40f4138e59f0205c?s=96&d=mm&r=g\",\"caption\":\"Pierre-Henri Chretien\"},\"url\":\"https:\/\/www.polyfab3d.fr\/ressources\/author\/pierre-henri\/\"}]}<\/script>\n<!-- \/ Yoast SEO plugin. -->","yoast_head_json":{"title":"Grava\u00e7\u00e3o a laser em vidro: marca\u00e7\u00f5es precisas, dur\u00e1veis e personalizadas - Polyfab3D","description":"Grava\u00e7\u00e3o a laser em vidro: m\u00e9todos de superf\u00edcie e internos, escolha da tecnologia UV, par\u00e2metros, erros comuns e aplica\u00e7\u00f5es.","robots":{"index":"index","follow":"follow","max-snippet":"max-snippet:-1","max-image-preview":"max-image-preview:large","max-video-preview":"max-video-preview:-1"},"canonical":"https:\/\/www.polyfab3d.pt\/ressources\/gravacao-a-laser-em-vidro-marcacoes-precisas-duraveis-e-personalizadas\/","og_locale":"fr_FR","og_type":"article","og_title":"Grava\u00e7\u00e3o a laser em vidro: marca\u00e7\u00f5es precisas, dur\u00e1veis e personalizadas - Polyfab3D","og_description":"Grava\u00e7\u00e3o a laser em vidro: m\u00e9todos de superf\u00edcie e internos, escolha da tecnologia UV, par\u00e2metros, erros comuns e aplica\u00e7\u00f5es.","og_url":"https:\/\/www.polyfab3d.pt\/ressources\/gravacao-a-laser-em-vidro-marcacoes-precisas-duraveis-e-personalizadas\/","og_site_name":"Polyfab3D","article_published_time":"2025-12-10T11:36:45+00:00","og_image":[{"width":960,"height":540,"url":"https:\/\/www.polyfab3d.fr\/ressources\/wp-content\/uploads\/2025\/12\/Gravacao-a-laser-em-vidro_-marcacoes-precisas-duraveis-e-personalizadas.jpg","type":"image\/jpeg"}],"author":"Pierre-Henri Chretien","twitter_card":"summary_large_image","twitter_misc":{"\u00c9crit par":"Pierre-Henri Chretien","Dur\u00e9e de lecture estim\u00e9e":"11 minutes"},"schema":{"@context":"https:\/\/schema.org","@graph":[{"@type":"Article","@id":"https:\/\/www.polyfab3d.pt\/ressources\/gravacao-a-laser-em-vidro-marcacoes-precisas-duraveis-e-personalizadas\/#article","isPartOf":{"@id":"https:\/\/www.polyfab3d.pt\/ressources\/gravacao-a-laser-em-vidro-marcacoes-precisas-duraveis-e-personalizadas\/"},"author":{"name":"Pierre-Henri Chretien","@id":"https:\/\/www.polyfab3d.fr\/ressources\/#\/schema\/person\/21006ba2b8be6656d04df5672805790e"},"headline":"Grava\u00e7\u00e3o a laser em vidro: marca\u00e7\u00f5es precisas, dur\u00e1veis e personalizadas","datePublished":"2025-12-10T11:36:45+00:00","mainEntityOfPage":{"@id":"https:\/\/www.polyfab3d.pt\/ressources\/gravacao-a-laser-em-vidro-marcacoes-precisas-duraveis-e-personalizadas\/"},"wordCount":1014,"commentCount":0,"publisher":{"@id":"https:\/\/www.polyfab3d.fr\/ressources\/#organization"},"image":{"@id":"https:\/\/www.polyfab3d.pt\/ressources\/gravacao-a-laser-em-vidro-marcacoes-precisas-duraveis-e-personalizadas\/#primaryimage"},"thumbnailUrl":"https:\/\/www.polyfab3d.pt\/ressources\/wp-content\/uploads\/2025\/12\/Gravacao-a-laser-em-vidro_-marcacoes-precisas-duraveis-e-personalizadas.jpg","keywords":["newtheme-pt"],"articleSection":["Aplica\u00e7\u00f5es","Guias de compra","Tutoriais"],"inLanguage":"fr-FR","potentialAction":[{"@type":"CommentAction","name":"Comment","target":["https:\/\/www.polyfab3d.pt\/ressources\/gravacao-a-laser-em-vidro-marcacoes-precisas-duraveis-e-personalizadas\/#respond"]}]},{"@type":"WebPage","@id":"https:\/\/www.polyfab3d.pt\/ressources\/gravacao-a-laser-em-vidro-marcacoes-precisas-duraveis-e-personalizadas\/","url":"https:\/\/www.polyfab3d.pt\/ressources\/gravacao-a-laser-em-vidro-marcacoes-precisas-duraveis-e-personalizadas\/","name":"Grava\u00e7\u00e3o a laser em vidro: marca\u00e7\u00f5es precisas, dur\u00e1veis e personalizadas - Polyfab3D","isPartOf":{"@id":"https:\/\/www.polyfab3d.fr\/ressources\/#website"},"primaryImageOfPage":{"@id":"https:\/\/www.polyfab3d.pt\/ressources\/gravacao-a-laser-em-vidro-marcacoes-precisas-duraveis-e-personalizadas\/#primaryimage"},"image":{"@id":"https:\/\/www.polyfab3d.pt\/ressources\/gravacao-a-laser-em-vidro-marcacoes-precisas-duraveis-e-personalizadas\/#primaryimage"},"thumbnailUrl":"https:\/\/www.polyfab3d.pt\/ressources\/wp-content\/uploads\/2025\/12\/Gravacao-a-laser-em-vidro_-marcacoes-precisas-duraveis-e-personalizadas.jpg","datePublished":"2025-12-10T11:36:45+00:00","description":"Grava\u00e7\u00e3o a laser em vidro: m\u00e9todos de superf\u00edcie e internos, escolha da tecnologia UV, par\u00e2metros, erros comuns e aplica\u00e7\u00f5es.","breadcrumb":{"@id":"https:\/\/www.polyfab3d.pt\/ressources\/gravacao-a-laser-em-vidro-marcacoes-precisas-duraveis-e-personalizadas\/#breadcrumb"},"inLanguage":"fr-FR","potentialAction":[{"@type":"ReadAction","target":["https:\/\/www.polyfab3d.pt\/ressources\/gravacao-a-laser-em-vidro-marcacoes-precisas-duraveis-e-personalizadas\/"]}]},{"@type":"ImageObject","inLanguage":"fr-FR","@id":"https:\/\/www.polyfab3d.pt\/ressources\/gravacao-a-laser-em-vidro-marcacoes-precisas-duraveis-e-personalizadas\/#primaryimage","url":"https:\/\/www.polyfab3d.pt\/ressources\/wp-content\/uploads\/2025\/12\/Gravacao-a-laser-em-vidro_-marcacoes-precisas-duraveis-e-personalizadas.jpg","contentUrl":"https:\/\/www.polyfab3d.pt\/ressources\/wp-content\/uploads\/2025\/12\/Gravacao-a-laser-em-vidro_-marcacoes-precisas-duraveis-e-personalizadas.jpg","width":960,"height":540,"caption":"Grava\u00e7\u00e3o a laser em vidro_ marca\u00e7\u00f5es precisas, dur\u00e1veis e personalizadas"},{"@type":"BreadcrumbList","@id":"https:\/\/www.polyfab3d.pt\/ressources\/gravacao-a-laser-em-vidro-marcacoes-precisas-duraveis-e-personalizadas\/#breadcrumb","itemListElement":[{"@type":"ListItem","position":1,"name":"Home","item":"https:\/\/www.polyfab3d.fr\/ressources\/"},{"@type":"ListItem","position":2,"name":"Grava\u00e7\u00e3o a laser em vidro: marca\u00e7\u00f5es precisas, dur\u00e1veis e personalizadas"}]},{"@type":"WebSite","@id":"https:\/\/www.polyfab3d.fr\/ressources\/#website","url":"https:\/\/www.polyfab3d.fr\/ressources\/","name":"Polyfab3D","description":"Le blog de l&#039;impression 3D","publisher":{"@id":"https:\/\/www.polyfab3d.fr\/ressources\/#organization"},"potentialAction":[{"@type":"SearchAction","target":{"@type":"EntryPoint","urlTemplate":"https:\/\/www.polyfab3d.fr\/ressources\/?s={search_term_string}"},"query-input":{"@type":"PropertyValueSpecification","valueRequired":true,"valueName":"search_term_string"}}],"inLanguage":"fr-FR"},{"@type":"Organization","@id":"https:\/\/www.polyfab3d.fr\/ressources\/#organization","name":"Polyfab3D","url":"https:\/\/www.polyfab3d.fr\/ressources\/","logo":{"@type":"ImageObject","inLanguage":"fr-FR","@id":"https:\/\/www.polyfab3d.fr\/ressources\/#\/schema\/logo\/image\/","url":"https:\/\/www.polyfab3d.fr\/ressources\/wp-content\/uploads\/2021\/05\/logo-polyfab3d.png","contentUrl":"https:\/\/www.polyfab3d.fr\/ressources\/wp-content\/uploads\/2021\/05\/logo-polyfab3d.png","width":206,"height":192,"caption":"Polyfab3D"},"image":{"@id":"https:\/\/www.polyfab3d.fr\/ressources\/#\/schema\/logo\/image\/"}},{"@type":"Person","@id":"https:\/\/www.polyfab3d.fr\/ressources\/#\/schema\/person\/21006ba2b8be6656d04df5672805790e","name":"Pierre-Henri Chretien","image":{"@type":"ImageObject","inLanguage":"fr-FR","@id":"https:\/\/www.polyfab3d.fr\/ressources\/#\/schema\/person\/image\/","url":"https:\/\/secure.gravatar.com\/avatar\/bde82f4832c47cea2c42a0ec44770abd1adbd66134649b4b40f4138e59f0205c?s=96&d=mm&r=g","contentUrl":"https:\/\/secure.gravatar.com\/avatar\/bde82f4832c47cea2c42a0ec44770abd1adbd66134649b4b40f4138e59f0205c?s=96&d=mm&r=g","caption":"Pierre-Henri Chretien"},"url":"https:\/\/www.polyfab3d.fr\/ressources\/author\/pierre-henri\/"}]}},"_links":{"self":[{"href":"https:\/\/www.polyfab3d.pt\/ressources\/wp-json\/wp\/v2\/posts\/13181","targetHints":{"allow":["GET"]}}],"collection":[{"href":"https:\/\/www.polyfab3d.pt\/ressources\/wp-json\/wp\/v2\/posts"}],"about":[{"href":"https:\/\/www.polyfab3d.pt\/ressources\/wp-json\/wp\/v2\/types\/post"}],"author":[{"embeddable":true,"href":"https:\/\/www.polyfab3d.pt\/ressources\/wp-json\/wp\/v2\/users\/5"}],"replies":[{"embeddable":true,"href":"https:\/\/www.polyfab3d.pt\/ressources\/wp-json\/wp\/v2\/comments?post=13181"}],"version-history":[{"count":4,"href":"https:\/\/www.polyfab3d.pt\/ressources\/wp-json\/wp\/v2\/posts\/13181\/revisions"}],"predecessor-version":[{"id":13243,"href":"https:\/\/www.polyfab3d.pt\/ressources\/wp-json\/wp\/v2\/posts\/13181\/revisions\/13243"}],"wp:featuredmedia":[{"embeddable":true,"href":"https:\/\/www.polyfab3d.pt\/ressources\/wp-json\/wp\/v2\/media\/13242"}],"wp:attachment":[{"href":"https:\/\/www.polyfab3d.pt\/ressources\/wp-json\/wp\/v2\/media?parent=13181"}],"wp:term":[{"taxonomy":"category","embeddable":true,"href":"https:\/\/www.polyfab3d.pt\/ressources\/wp-json\/wp\/v2\/categories?post=13181"},{"taxonomy":"post_tag","embeddable":true,"href":"https:\/\/www.polyfab3d.pt\/ressources\/wp-json\/wp\/v2\/tags?post=13181"}],"curies":[{"name":"wp","href":"https:\/\/api.w.org\/{rel}","templated":true}]}}